{"id":121,"date":"2019-06-18T20:41:00","date_gmt":"2019-06-18T20:41:00","guid":{"rendered":"https:\/\/blekingekvlvf.vattenorg.se\/?p=121"},"modified":"2019-12-21T18:20:32","modified_gmt":"2019-12-21T18:20:32","slug":"nya-rapporter-fran-blekinge-kvlvf","status":"publish","type":"post","link":"https:\/\/blekingekvlvf.vattenorg.se\/?p=121","title":{"rendered":"Nya rapporter fr\u00e5n Blekinge kvlvf"},"content":{"rendered":"\n<p>\n\nPublicerad 2019-06-18 10:49:27<\/p>\n\n\n\n<p>Blekinge kustvatten och luftv\u00e5rdsf\u00f6rbunds \u00e5rsrapport f\u00f6r 2018 \u00e4r nu publicerad:<\/p>\n\n\n\n<p><a href=\"https:\/\/www.vattenorganisationer.se\/blekingekvlvf\/downloads\/90\/Hanrapport2018.pdf\" target=\"_blank\" rel=\"noreferrer noopener\">Hanrapport2018.pdf<\/a><\/p>\n\n\n\n<p>Dessutom har IVL publicerat en ny rapport om luftmilj\u00f6n:<\/p>\n\n\n\n<p><a href=\"https:\/\/www.vattenorganisationer.se\/blekingekvlvf\/downloads\/90\/C390_Krondroppsntet-Blekinge-2019.pdf\" target=\"_blank\" rel=\"noreferrer noopener\">C390_Krondroppsntet-Blekinge-2019.pdf<\/a><br><\/p>\n","protected":false},"excerpt":{"rendered":"<p>Publicerad 2019-06-18 10:49:27 Blekinge kustvatten och luftv\u00e5rdsf\u00f6rbunds \u00e5rsrapport f\u00f6r 2018 \u00e4r nu publicerad: Hanrapport2018.pdf Dessutom har IVL publicerat en ny rapport om luftmilj\u00f6n: C390_Krondroppsntet-Blekinge-2019.pdf<\/p>\n","protected":false},"author":1,"featured_media":0,"comment_status":"closed","ping_status":"closed","sticky":false,"template":"","format":"standard","meta":{"footnotes":""},"categories":[4],"tags":[],"class_list":["post-121","post","type-post","status-publish","format-standard","hentry","category-rapporter"],"_links":{"self":[{"href":"https:\/\/blekingekvlvf.vattenorg.se\/index.php?rest_route=\/wp\/v2\/posts\/121","targetHints":{"allow":["GET"]}}],"collection":[{"href":"https:\/\/blekingekvlvf.vattenorg.se\/index.php?rest_route=\/wp\/v2\/posts"}],"about":[{"href":"https:\/\/blekingekvlvf.vattenorg.se\/index.php?rest_route=\/wp\/v2\/types\/post"}],"author":[{"embeddable":true,"href":"https:\/\/blekingekvlvf.vattenorg.se\/index.php?rest_route=\/wp\/v2\/users\/1"}],"replies":[{"embeddable":true,"href":"https:\/\/blekingekvlvf.vattenorg.se\/index.php?rest_route=%2Fwp%2Fv2%2Fcomments&post=121"}],"version-history":[{"count":1,"href":"https:\/\/blekingekvlvf.vattenorg.se\/index.php?rest_route=\/wp\/v2\/posts\/121\/revisions"}],"predecessor-version":[{"id":122,"href":"https:\/\/blekingekvlvf.vattenorg.se\/index.php?rest_route=\/wp\/v2\/posts\/121\/revisions\/122"}],"wp:attachment":[{"href":"https:\/\/blekingekvlvf.vattenorg.se\/index.php?rest_route=%2Fwp%2Fv2%2Fmedia&parent=121"}],"wp:term":[{"taxonomy":"category","embeddable":true,"href":"https:\/\/blekingekvlvf.vattenorg.se\/index.php?rest_route=%2Fwp%2Fv2%2Fcategories&post=121"},{"taxonomy":"post_tag","embeddable":true,"href":"https:\/\/blekingekvlvf.vattenorg.se\/index.php?rest_route=%2Fwp%2Fv2%2Ftags&post=121"}],"curies":[{"name":"wp","href":"https:\/\/api.w.org\/{rel}","templated":true}]}}